{"id":535,"date":"2025-02-25T20:42:34","date_gmt":"2025-02-25T20:42:34","guid":{"rendered":"https:\/\/www.benred.co\/?p=535"},"modified":"2025-03-12T21:36:09","modified_gmt":"2025-03-12T21:36:09","slug":"generacion-z-el-futuro-del-consumo-en-colombia-y-como-conectarte-con-ellos","status":"publish","type":"post","link":"https:\/\/www.benred.co\/index.php\/2025\/02\/25\/generacion-z-el-futuro-del-consumo-en-colombia-y-como-conectarte-con-ellos\/","title":{"rendered":"Generaci\u00f3n Z: El Futuro del Consumo en Colombia y C\u00f3mo Conectarte con Ellos"},"content":{"rendered":"<p><span style=\"font-weight: 400;\">La Gen-Z, nacida entre 2001 y 2012, es la primera generaci\u00f3n verdaderamente digital. Para los empresarios colombianos, entender a estos nativos digitales es crucial para el \u00e9xito en el mercado actual y futuro.<\/span><\/p>\n<p><b>\u00bfPor qu\u00e9 la Gen-Z es Clave para tu Negocio Colombiano?<\/b><\/p>\n<ul>\n<li style=\"font-weight: 400;\" aria-level=\"1\"><b>Hiperconectados y M\u00f3viles<\/b><span style=\"font-weight: 400;\">: Viven en un mundo donde el smartphone es su centro de operaciones. Tu presencia digital debe ser impecable y optimizada para m\u00f3viles.<\/span><\/li>\n<li style=\"font-weight: 400;\" aria-level=\"1\"><b>Diversidad e Inclusi\u00f3n<\/b><span style=\"font-weight: 400;\">: Valoran la autenticidad y las marcas que representan sus valores. Muestra tu compromiso con la diversidad y la inclusi\u00f3n en tus campa\u00f1as e marketing digital.<\/span><\/li>\n<li style=\"font-weight: 400;\" aria-level=\"1\"><b>Emprendedores y Exigentes<\/b><span style=\"font-weight: 400;\">: Buscan marcas que ofrezcan experiencias personalizadas y productos innovadores para generar experiencia.<\/span><\/li>\n<li style=\"font-weight: 400;\" aria-level=\"1\"><b>Conciencia Social y Ambiental<\/b><span style=\"font-weight: 400;\">: Prefieren marcas que demuestren responsabilidad social y ambiental. En Colombia, donde la sostenibilidad es cada vez m\u00e1s importante, esto es vital.<\/span><\/li>\n<li style=\"font-weight: 400;\" aria-level=\"1\"><b>Privacidad y Confianza<\/b><span style=\"font-weight: 400;\">: Son cautelosos con sus datos. Construye relaciones basadas en la confianza y la transparencia. Muestra testimonios reales de \u00e9xito<\/span><\/li>\n<\/ul>\n<p><b>Contexto que Moldea su Comportamiento en Colombia:<\/b><\/p>\n<ul>\n<li style=\"font-weight: 400;\" aria-level=\"1\"><b>Globalizaci\u00f3n Digital<\/b><span style=\"font-weight: 400;\">: Est\u00e1n expuestos a tendencias globales, valoran lo local. Adapta tus estrategias a nuestra cultura.<\/span><\/li>\n<li style=\"font-weight: 400;\" aria-level=\"1\"><b>Impacto de la Tecnolog\u00eda<\/b><span style=\"font-weight: 400;\">: La r\u00e1pida adopci\u00f3n de tecnolog\u00edas como el comercio electr\u00f3nico y las redes sociales influye en sus h\u00e1bitos de consumo.<\/span><\/li>\n<li style=\"font-weight: 400;\" aria-level=\"1\"><b>Preocupaciones Sociales<\/b><span style=\"font-weight: 400;\">: La situaci\u00f3n econ\u00f3mica y social de Colombia influye en sus decisiones y experiencia de compra.<\/span><\/li>\n<\/ul>\n<p><b>C\u00f3mo Conectar con la Gen-Z en Colombia:<\/b><\/p>\n<ul>\n<li style=\"font-weight: 400;\" aria-level=\"1\"><b>Marketing de Micro-Influencers<\/b><span style=\"font-weight: 400;\">: Colabora con influencers locales que conecten con tu p\u00fablico objetivo.<\/span><\/li>\n<li style=\"font-weight: 400;\" aria-level=\"1\"><b>Contenido Aut\u00e9ntico y Visual<\/b><span style=\"font-weight: 400;\">: Crea contenido que resuene con sus valores y utiliza plataformas como TikTok e Instagram.<\/span><\/li>\n<li style=\"font-weight: 400;\" aria-level=\"1\"><b>Experiencias Personalizadas<\/b><span style=\"font-weight: 400;\">: Ofrece promociones y programas de fidelizaci\u00f3n que se adapten a sus necesidades.<\/span><\/li>\n<li style=\"font-weight: 400;\" aria-level=\"1\"><b>Comunicaci\u00f3n Directa<\/b><span style=\"font-weight: 400;\">: Utiliza canales como WhatsApp y redes sociales para interactuar con ellos.<\/span><\/li>\n<li style=\"font-weight: 400;\" aria-level=\"1\"><b>Compromiso Social<\/b><span style=\"font-weight: 400;\">: Muestra tu apoyo a causas sociales y ambientales relevantes para la Gen-Z en Colombia.<\/span><\/li>\n<\/ul>\n<p><b>Legado y Oportunidades para los Empresarios Colombianos:<\/b><\/p>\n<ul>\n<li style=\"font-weight: 400;\" aria-level=\"1\"><b>Transformaci\u00f3n Digital<\/b><span style=\"font-weight: 400;\">: Est\u00e1n impulsando la digitalizaci\u00f3n de diversos sectores en Colombia.<\/span><\/li>\n<li style=\"font-weight: 400;\" aria-level=\"1\"><b>Consumo Consciente<\/b><span style=\"font-weight: 400;\">: Su influencia est\u00e1 cambiando los h\u00e1bitos de consumo hacia productos y servicios m\u00e1s sostenibles.<\/span><\/li>\n<li style=\"font-weight: 400;\" aria-level=\"1\"><b>Innovaci\u00f3n y Emprendimiento<\/b><span style=\"font-weight: 400;\">: Son una fuente de ideas innovadoras y pueden ser tus futuros colaboradores o clientes.<\/span><\/li>\n<\/ul>\n<p><b>Conclusi\u00f3n:<\/b><\/p>\n<p><span style=\"font-weight: 400;\">La Generaci\u00f3n Z es una fuerza poderosa en el mercado colombiano. Los empresarios que comprendan sus valores y se adapten a sus h\u00e1bitos de consumo estar\u00e1n mejor posicionados para el \u00e9xito.<\/span><\/p>\n<p><b>Llamada a la Acci\u00f3n para Empresarios Colombianos:<\/b><\/p>\n<ul>\n<li style=\"font-weight: 400;\" aria-level=\"1\"><span style=\"font-weight: 400;\">Analiza la presencia digital de tu marca y aseg\u00farate de que est\u00e9 optimizada para m\u00f3viles.<\/span><\/li>\n<li style=\"font-weight: 400;\" aria-level=\"1\"><span style=\"font-weight: 400;\">Investiga las tendencias y valores de la <\/span><b>Generaci\u00f3n Z<\/b><span style=\"font-weight: 400;\"> en Colombia.<\/span><\/li>\n<li style=\"font-weight: 400;\" aria-level=\"1\"><span style=\"font-weight: 400;\">Implementa estrategias de marketing que se centren en la autenticidad, la personalizaci\u00f3n y el compromiso social.<\/span><\/li>\n<li style=\"font-weight: 400;\" aria-level=\"1\"><span style=\"font-weight: 400;\">\u00a1Prep\u00e1rate para el futuro del consumo en Colombia!<\/span><\/li>\n<\/ul>\n","protected":false},"excerpt":{"rendered":"<p>La Gen-Z, nacida entre 2001 y 2012, es la primera generaci\u00f3n verdaderamente digital. Para los empresarios colombianos, entender a estos [&hellip;]<\/p>\n","protected":false},"author":1,"featured_media":0,"comment_status":"open","ping_status":"open","sticky":false,"template":"","format":"standard","meta":{"site-sidebar-layout":"default","site-content-layout":"","ast-site-content-layout":"default","site-content-style":"default","site-sidebar-style":"default","ast-global-header-display":"","ast-banner-title-visibility":"","ast-main-header-display":"","ast-hfb-above-header-display":"","ast-hfb-below-header-display":"","ast-hfb-mobile-header-display":"","site-post-title":"","ast-breadcrumbs-content":"","ast-featured-img":"","footer-sml-layout":"","theme-transparent-header-meta":"default","adv-header-id-meta":"","stick-header-meta":"","header-above-stick-meta":"","header-main-stick-meta":"","header-below-stick-meta":"","astra-migrate-meta-layouts":"set","ast-page-background-enabled":"default","ast-page-background-meta":{"desktop":{"background-color":"var(--ast-global-color-4)","background-image":"","background-repeat":"repeat","background-position":"center center","background-size":"auto","background-attachment":"scroll","background-type":"","background-media":"","overlay-type":"","overlay-color":"","overlay-opacity":"","overlay-gradient":""},"tablet":{"background-color":"","background-image":"","background-repeat":"repeat","background-position":"center center","background-size":"auto","background-attachment":"scroll","background-type":"","background-media":"","overlay-type":"","overlay-color":"","overlay-opacity":"","overlay-gradient":""},"mobile":{"background-color":"","background-image":"","background-repeat":"repeat","background-position":"center center","background-size":"auto","background-attachment":"scroll","background-type":"","background-media":"","overlay-type":"","overlay-color":"","overlay-opacity":"","overlay-gradient":""}},"ast-content-background-meta":{"desktop":{"background-color":"var(--ast-global-color-5)","background-image":"","background-repeat":"repeat","background-position":"center center","background-size":"auto","background-attachment":"scroll","background-type":"","background-media":"","overlay-type":"","overlay-color":"","overlay-opacity":"","overlay-gradient":""},"tablet":{"background-color":"var(--ast-global-color-5)","background-image":"","background-repeat":"repeat","background-position":"center center","background-size":"auto","background-attachment":"scroll","background-type":"","background-media":"","overlay-type":"","overlay-color":"","overlay-opacity":"","overlay-gradient":""},"mobile":{"background-color":"var(--ast-global-color-5)","background-image":"","background-repeat":"repeat","background-position":"center center","background-size":"auto","background-attachment":"scroll","background-type":"","background-media":"","overlay-type":"","overlay-color":"","overlay-opacity":"","overlay-gradient":""}},"_joinchat":[],"footnotes":""},"categories":[1],"tags":[],"class_list":["post-535","post","type-post","status-publish","format-standard","hentry","category-uncategorized"],"_links":{"self":[{"href":"https:\/\/www.benred.co\/index.php\/wp-json\/wp\/v2\/posts\/535","targetHints":{"allow":["GET"]}}],"collection":[{"href":"https:\/\/www.benred.co\/index.php\/wp-json\/wp\/v2\/posts"}],"about":[{"href":"https:\/\/www.benred.co\/index.php\/wp-json\/wp\/v2\/types\/post"}],"author":[{"embeddable":true,"href":"https:\/\/www.benred.co\/index.php\/wp-json\/wp\/v2\/users\/1"}],"replies":[{"embeddable":true,"href":"https:\/\/www.benred.co\/index.php\/wp-json\/wp\/v2\/comments?post=535"}],"version-history":[{"count":1,"href":"https:\/\/www.benred.co\/index.php\/wp-json\/wp\/v2\/posts\/535\/revisions"}],"predecessor-version":[{"id":536,"href":"https:\/\/www.benred.co\/index.php\/wp-json\/wp\/v2\/posts\/535\/revisions\/536"}],"wp:attachment":[{"href":"https:\/\/www.benred.co\/index.php\/wp-json\/wp\/v2\/media?parent=535"}],"wp:term":[{"taxonomy":"category","embeddable":true,"href":"https:\/\/www.benred.co\/index.php\/wp-json\/wp\/v2\/categories?post=535"},{"taxonomy":"post_tag","embeddable":true,"href":"https:\/\/www.benred.co\/index.php\/wp-json\/wp\/v2\/tags?post=535"}],"curies":[{"name":"wp","href":"https:\/\/api.w.org\/{rel}","templated":true}]}}